{"id":13581,"date":"2026-03-08T15:44:55","date_gmt":"2026-03-08T14:44:55","guid":{"rendered":"https:\/\/pasdedieux.com\/?p=13581"},"modified":"2026-04-05T16:22:11","modified_gmt":"2026-04-05T14:22:11","slug":"psychophysique-methode","status":"publish","type":"post","link":"https:\/\/pasdedieux.com\/fr\/psychophysique-methode\/","title":{"rendered":"Formation &#8211; Entra\u00eenement quotidien de l&#8217;acteur : m\u00e9thode psychophysique int\u00e9gr\u00e9e"},"content":{"rendered":"<div class=\"wpb-content-wrapper\"><p>[vc_row][vc_column][vc_column_text css=&#8221;&#8221;]Nous sommes tr\u00e8s heureux d\u2019annoncer le retour \u00e0 Paris de <strong>Leela Alaniz<\/strong>, qui animera un atelier tout \u00e0 fait exceptionnel :<\/p>\n<h3><span style=\"color: #800000;\"><strong>STAGE:<\/strong><\/span><\/h3>\n<h3 style=\"text-align: center;\">Entra\u00eenement quotidien de l&#8217;acteur : m\u00e9thode psychophysique int\u00e9gr\u00e9e<\/h3>\n<p style=\"text-align: center;\"><strong>Formatrice<\/strong> : Leela Alaniz<\/p>\n<p style=\"text-align: center;\"><strong>Dates<\/strong> : Du lundi 1er au vendredi 5 juin, 2026<br \/>\n<strong>Lieu<\/strong> : \u00c9cole Hippocampe \u2013 Paris<br \/>\nCentre de formation Hippocampe<br \/>\n1 Passage du Buisson Saint Louis<br \/>\n75010 Paris (dans les locaux du Th\u00e9\u00e2tre de la Terre)<br \/>\nM\u00e9tro : Belleville ou Goncourt<\/p>\n<p style=\"text-align: center;\"><strong>Possibilit\u00e9 de financement AFDAS<\/strong><\/p>\n<p style=\"text-align: left;\"><span style=\"color: #800000;\"><strong>Description de la formation<\/strong><\/span><\/p>\n<p>Les stagiaires s&#8217;initieront au th\u00e9\u00e2tre physique \u00e0 travers un travail fond\u00e9 sur les relations psychophysiques : corps\u2013action, pens\u00e9e\u2013conscience, \u00e9motion\u2013r\u00e9action. Ces \u00e9l\u00e9ments interagissent constamment entre eux, selon diff\u00e9rentes directions et intensit\u00e9s.<\/p>\n<p>Les exercices issus du processus organique visent \u00e0 lib\u00e9rer le flux \u00e9nerg\u00e9tique au niveau de la colonne vert\u00e9brale, lequel se propage ensuite dans l&#8217;ensemble du corps et au-del\u00e0 du geste physique. Les stagiaires d\u00e9veloppent ainsi leur capacit\u00e9 de concentration et apprennent \u00e0 identifier leurs centres physique, \u00e9motionnel et mental.<\/p>\n<p>Plut\u00f4t que de chercher directement \u00e0 \u00eatre expressif, l&#8217;acteur est invit\u00e9 \u00e0 plonger dans un processus r\u00e9el de recherche organique. C&#8217;est ce processus qui permet, progressivement, l&#8217;\u00e9mergence d&#8217;une expressivit\u00e9 artistique personnelle.<\/p>\n<p><span style=\"color: #800000;\"><strong>Comp\u00e9tences vis\u00e9es<\/strong><\/span><\/p>\n<p>Ma\u00eetriser les comp\u00e9tences psychophysiques li\u00e9es aux relations de cause \u00e0 effet dans le jeu de l&#8217;acteur : comprendre et articuler les liens entre pens\u00e9e, \u00e9motion et action, tant dans le travail personnel que dans l&#8217;interaction avec les partenaires ; trouver les impulsions justes pour initier une action ou r\u00e9pondre \u00e0 une proposition sc\u00e9nique.<\/p>\n<p><span style=\"color: #800000;\"><strong>Objectifs du stage<\/strong><\/span><\/p>\n<ul>\n<li>Percevoir et d\u00e9velopper les impulsions internes qui donnent naissance aux actions et \u00e0 la parole<\/li>\n<li>Comprendre et ma\u00eetriser la construction des actions en suivant la ligne de force corporelle, en r\u00e9sonance avec les interactions \u00e9motionnelles et psychiques<\/li>\n<li>\u00c0 partir d&#8217;outils corporels, vocaux et imaginatifs sp\u00e9cifiques, cr\u00e9er des situations de jeu dramatique<\/li>\n<li>Approfondir et \u00e9largir la conscience de soi, du partenaire, de l&#8217;espace sc\u00e9nique et de la relation au public<\/li>\n<\/ul>\n<p><span style=\"color: #800000;\"><strong>Processus p\u00e9dagogique<\/strong><\/span><\/p>\n<p>L&#8217;entra\u00eenement propos\u00e9 repose sur une approche psychophysique int\u00e9gr\u00e9e, combinant des exercices corporels qui engagent simultan\u00e9ment l&#8217;\u00e9motion, l&#8217;attention, l&#8217;observation de soi, la perception de l&#8217;espace et la relation aux partenaires.<\/p>\n<p>Il comprend des exercices issus du processus organique visant \u00e0 lib\u00e9rer le flux \u00e9nerg\u00e9tique le long de la colonne vert\u00e9brale. Ce flux traverse le corps et nourrit l&#8217;action sc\u00e9nique. L&#8217;acteur d\u00e9veloppe ainsi sa concentration et identifie ses trois centres principaux : physique, \u00e9motionnel et mental.<\/p>\n<p>Les mouvements corporels seront envisag\u00e9s comme le r\u00e9sultat d&#8217;impulsions qui naissent de l&#8217;int\u00e9rieur du corps et se prolongent dans l&#8217;action.<\/p>\n<p>Un travail approfondi sur les mobilit\u00e9s corporelles permettra d&#8217;isoler diff\u00e9rentes parties du corps, de ma\u00eetriser les articulations et d&#8217;explorer diverses vitesses, r\u00e9sistances et qualit\u00e9s de mouvement. Ces explorations amplifient les potentialit\u00e9s d&#8217;expression de l&#8217;acteur.<\/p>\n<p>Le jeu et le plaisir de jouer occupent une place centrale dans ce processus. L&#8217;improvisation, fond\u00e9e sur l&#8217;\u00e9coute et le partage, le travail sur la voix parl\u00e9e en relation avec diff\u00e9rents \u00e9tats \u00e9motionnels, ainsi que des exercices d&#8217;attention et d&#8217;\u00e9veil int\u00e9rieur, font \u00e9galement partie int\u00e9grante de cet entra\u00eenement.<\/p>\n<p><span style=\"color: #800000;\"><strong>Intervenante<\/strong><\/span><\/p>\n<p><strong><img decoding=\"async\" class=\"alignnone wp-image-13621\" src=\"https:\/\/pasdedieux.com\/wp-content\/uploads\/2026\/03\/WhatsApp-Image-2026-03-08-at-20.13.20-268x400.jpeg\" alt=\"\" width=\"196\" height=\"292\" srcset=\"https:\/\/pasdedieux.com\/wp-content\/uploads\/2026\/03\/WhatsApp-Image-2026-03-08-at-20.13.20-268x400.jpeg 268w, https:\/\/pasdedieux.com\/wp-content\/uploads\/2026\/03\/WhatsApp-Image-2026-03-08-at-20.13.20-687x1024.jpeg 687w, https:\/\/pasdedieux.com\/wp-content\/uploads\/2026\/03\/WhatsApp-Image-2026-03-08-at-20.13.20-768x1145.jpeg 768w, https:\/\/pasdedieux.com\/wp-content\/uploads\/2026\/03\/WhatsApp-Image-2026-03-08-at-20.13.20-1030x1536.jpeg 1030w, https:\/\/pasdedieux.com\/wp-content\/uploads\/2026\/03\/WhatsApp-Image-2026-03-08-at-20.13.20-500x746.jpeg 500w, https:\/\/pasdedieux.com\/wp-content\/uploads\/2026\/03\/WhatsApp-Image-2026-03-08-at-20.13.20-800x1193.jpeg 800w, https:\/\/pasdedieux.com\/wp-content\/uploads\/2026\/03\/WhatsApp-Image-2026-03-08-at-20.13.20.jpeg 1073w\" sizes=\"(max-width: 196px) 100vw, 196px\" \/><\/strong><\/p>\n<p><strong>Leela Alaniz<\/strong> est metteuse en sc\u00e8ne, actrice, chercheuse et p\u00e9dagogue franco-br\u00e9silienne. Directrice artistique de la compagnie fran\u00e7aise de th\u00e9\u00e2tre physique Pas de Dieux, elle est titulaire d&#8217;un Master et d&#8217;un doctorat en Philosophie et Th\u00e9\u00e2tre de l&#8217;Universit\u00e9 Sorbonne Nouvelle, Paris 3 et enseigne actuellement Performance and Acting \u00e0 LASALLE College of the Arts, University of the Arts Singapore.<\/p>\n<p>Avec plus de 25 ans d&#8217;exp\u00e9rience artistique et p\u00e9dagogique, elle d\u00e9veloppe une m\u00e9thode d&#8217;entra\u00eenement de l&#8217;acteur qui relie la lign\u00e9e organique de Jerzy Grotowski et le Mime Corporel d&#8217;\u00c9tienne Decroux, pla\u00e7ant l&#8217;incarnation et la cr\u00e9ativit\u00e9 de l&#8217;acteur au c\u0153ur du processus de cr\u00e9ation.<\/p>\n<p><span style=\"color: #800000;\"><strong>Informations pratiques<\/strong><\/span><\/p>\n<p><strong>Horaires<\/strong><\/p>\n<p>Du lundi au vendredi de 14h \u00e0 18h \u2013 Pour un total de 20h<\/p>\n<p><strong>Tarifs<\/strong><\/p>\n<ul>\n<li>Financement individuel : 260 euros<\/li>\n<li>Financement AFDAS, OPCO : 520 euros (nous contacter pour recevoir le devis)<\/li>\n<\/ul>\n<p><span style=\"color: #800000;\"><strong>Modalit\u00e9s d&#8217;acc\u00e8s et admissions<\/strong><\/span><\/p>\n<p>Pour vous inscrire \u00e0 cette formation merci de nous envoyer par mail, une lettre de motivation (1 page maxi), accompagn\u00e9e de CV : <a href=\"mailto:hippocampe@mime-corporel-theatre.com\">hippocampe@mime-corporel-theatre.com<\/a><\/p>\n<p><strong>Public concern\u00e9<\/strong><\/p>\n<p>Acteur.rices des Arts du Mime et du Geste ou du spectacle vivant, \u00e9tudiant.es en mime, th\u00e9\u00e2tre, cirque, marionnettes, danse, etc.<\/p>\n<p><strong>Pr\u00e9-requis<\/strong><\/p>\n<p>\u00c9tat de sant\u00e9 g\u00e9n\u00e9ral satisfaisant, pas de pr\u00e9-requis technique<\/p>\n<p><strong>Accessibilit\u00e9<\/strong><\/p>\n<p>Formation ouverte aux personnes en situation de handicap, sous r\u00e9serve que les conditions d&#8217;accueil et de formation soient compatibles avec votre handicap. N&#8217;h\u00e9sitez pas \u00e0 nous contacter pour faire \u00e9tudier votre demande.<\/p>\n<p><span style=\"color: #800000;\"><strong>Renseignements<\/strong><\/span><\/p>\n<p><strong>Email<\/strong> : <a href=\"mailto:hippocampe@mime-corporel-theatre.com\">hippocampe@mime-corporel-theatre.com<\/a><br \/>\n<strong>T\u00e9l\u00e9phone<\/strong> : 06 29 96 29 06<br \/>\n<strong>Site web<\/strong> : <a href=\"http:\/\/www.mime-corporel-theatre.com\">www.mime-corporel-theatre.com<\/a><\/p>\n<p><img decoding=\"async\" class=\"alignnone wp-image-13622\" src=\"https:\/\/pasdedieux.com\/wp-content\/uploads\/2026\/03\/WhatsApp-Image-2026-03-08-at-20.12.49-268x400.jpeg\" alt=\"\" width=\"445\" height=\"664\" srcset=\"https:\/\/pasdedieux.com\/wp-content\/uploads\/2026\/03\/WhatsApp-Image-2026-03-08-at-20.12.49-268x400.jpeg 268w, https:\/\/pasdedieux.com\/wp-content\/uploads\/2026\/03\/WhatsApp-Image-2026-03-08-at-20.12.49-687x1024.jpeg 687w, https:\/\/pasdedieux.com\/wp-content\/uploads\/2026\/03\/WhatsApp-Image-2026-03-08-at-20.12.49-768x1145.jpeg 768w, https:\/\/pasdedieux.com\/wp-content\/uploads\/2026\/03\/WhatsApp-Image-2026-03-08-at-20.12.49-1030x1536.jpeg 1030w, https:\/\/pasdedieux.com\/wp-content\/uploads\/2026\/03\/WhatsApp-Image-2026-03-08-at-20.12.49-500x746.jpeg 500w, https:\/\/pasdedieux.com\/wp-content\/uploads\/2026\/03\/WhatsApp-Image-2026-03-08-at-20.12.49-800x1193.jpeg 800w, https:\/\/pasdedieux.com\/wp-content\/uploads\/2026\/03\/WhatsApp-Image-2026-03-08-at-20.12.49.jpeg 1073w\" sizes=\"(max-width: 445px) 100vw, 445px\" \/>[\/vc_column_text][\/vc_column][\/vc_row]<\/p>\n<\/div>","protected":false},"excerpt":{"rendered":"<p>[vc_row][vc_column][vc_column_text css=&#8221;&#8221;]Nous sommes tr\u00e8s heureux d\u2019annoncer le retour \u00e0 Paris de Leela Alaniz, qui animera un atelier tout \u00e0 fait exceptionnel : STAGE: Entra\u00eenement quotidien de l&#8217;acteur : m\u00e9thode psychophysique int\u00e9gr\u00e9e Formatrice : Leela Alaniz Dates : Du lundi 1er au vendredi 5 juin, 2026 Lieu : \u00c9cole Hippocampe \u2013 Paris Centre de formation Hippocampe 1 Passage du Buisson Saint Louis 75010 Paris (dans les locaux du Th\u00e9\u00e2tre de la Terre) M\u00e9tro : Belleville ou Goncourt Possibilit\u00e9 de financement AFDAS Description de la formation Les stagiaires s&#8217;initieront au th\u00e9\u00e2tre physique \u00e0 travers un travail fond\u00e9 sur les relations psychophysiques : corps\u2013action, pens\u00e9e\u2013conscience, \u00e9motion\u2013r\u00e9action. Ces \u00e9l\u00e9ments interagissent constamment entre eux, selon [&hellip;]<\/p>\n","protected":false},"author":2,"featured_media":13609,"comment_status":"closed","ping_status":"closed","sticky":false,"template":"","format":"standard","meta":{"_acf_changed":false,"_crdt_document":"","_vp_format_video_url":"","_vp_image_focal_point":[],"footnotes":""},"categories":[62],"tags":[],"class_list":["post-13581","post","type-post","status-publish","format-standard","has-post-thumbnail","hentry","category-evenement"],"acf":[],"_links":{"self":[{"href":"https:\/\/pasdedieux.com\/fr\/wp-json\/wp\/v2\/posts\/13581","targetHints":{"allow":["GET"]}}],"collection":[{"href":"https:\/\/pasdedieux.com\/fr\/wp-json\/wp\/v2\/posts"}],"about":[{"href":"https:\/\/pasdedieux.com\/fr\/wp-json\/wp\/v2\/types\/post"}],"author":[{"embeddable":true,"href":"https:\/\/pasdedieux.com\/fr\/wp-json\/wp\/v2\/users\/2"}],"replies":[{"embeddable":true,"href":"https:\/\/pasdedieux.com\/fr\/wp-json\/wp\/v2\/comments?post=13581"}],"version-history":[{"count":12,"href":"https:\/\/pasdedieux.com\/fr\/wp-json\/wp\/v2\/posts\/13581\/revisions"}],"predecessor-version":[{"id":13628,"href":"https:\/\/pasdedieux.com\/fr\/wp-json\/wp\/v2\/posts\/13581\/revisions\/13628"}],"wp:featuredmedia":[{"embeddable":true,"href":"https:\/\/pasdedieux.com\/fr\/wp-json\/wp\/v2\/media\/13609"}],"wp:attachment":[{"href":"https:\/\/pasdedieux.com\/fr\/wp-json\/wp\/v2\/media?parent=13581"}],"wp:term":[{"taxonomy":"category","embeddable":true,"href":"https:\/\/pasdedieux.com\/fr\/wp-json\/wp\/v2\/categories?post=13581"},{"taxonomy":"post_tag","embeddable":true,"href":"https:\/\/pasdedieux.com\/fr\/wp-json\/wp\/v2\/tags?post=13581"}],"curies":[{"name":"wp","href":"https:\/\/api.w.org\/{rel}","templated":true}]}}